{"id":13266,"date":"2018-11-03T17:15:00","date_gmt":"2018-11-03T17:15:00","guid":{"rendered":"https:\/\/tligradio.org\/2018\/11\/mon-enfant-tu-nes-pas-sans-pere\/"},"modified":"2018-11-03T17:15:00","modified_gmt":"2018-11-03T17:15:00","slug":"mon-enfant-tu-nes-pas-sans-pere","status":"publish","type":"post","link":"https:\/\/tligradio.org\/fr\/2018\/11\/mon-enfant-tu-nes-pas-sans-pere\/","title":{"rendered":"Mon enfant, tu n&rsquo;es pas sans p\u00e8re"},"content":{"rendered":"<p>Le Seigneur nous dit:\u00a0\u00bb Mon enfant, tu n&rsquo;es pas sans p\u00e8re, Je Suis qui Je Suis est ton P\u00e8re; tu n&rsquo;es pas sans abri; Mon Royaume, Ma Splendeur et la V\u00e9rit\u00e9 sont ta demeure; tu n&rsquo;es pas priv\u00e9e de nourriture car, de Ma Propre Main, je remplis ta bouche de Ma Bouche par Ma Parole;\u00a0\u00bb 26 f\u00e9vrier 1995<\/p>\n<p>\u00c9coutez les messages de Dieu \u00e0 la <a href=\"https:\/\/tligradio.org\/fr2\">Radio de La Vraie Vie en Dieu<\/a><\/p>\n","protected":false},"excerpt":{"rendered":"<p>Le Seigneur nous dit:\u00a0\u00bb Mon enfant, tu n&rsquo;es pas sans p\u00e8re, Je Suis qui Je Suis est ton P\u00e8re; tu n&rsquo;es pas sans abri; Mon Royaume, Ma Splendeur et la V\u00e9rit\u00e9 sont ta demeure; tu  [&#8230;]<\/p>\n","protected":false},"author":48,"featured_media":0,"comment_status":"open","ping_status":"open","sticky":false,"template":"","format":"standard","meta":{"jetpack_post_was_ever_published":false,"_jetpack_newsletter_access":"","_jetpack_dont_email_post_to_subs":false,"_jetpack_newsletter_tier_id":0,"_jetpack_memberships_contains_paywalled_content":false,"_jetpack_memberships_contains_paid_content":false,"footnotes":""},"categories":[998],"tags":[],"series":[],"class_list":["post-13266","post","type-post","status-publish","format-standard","hentry","category-non-classifiee"],"aioseo_notices":[],"jetpack_featured_media_url":"","jetpack_sharing_enabled":true,"_links":{"self":[{"href":"https:\/\/tligradio.org\/fr\/wp-json\/wp\/v2\/posts\/13266","targetHints":{"allow":["GET"]}}],"collection":[{"href":"https:\/\/tligradio.org\/fr\/wp-json\/wp\/v2\/posts"}],"about":[{"href":"https:\/\/tligradio.org\/fr\/wp-json\/wp\/v2\/types\/post"}],"author":[{"embeddable":true,"href":"https:\/\/tligradio.org\/fr\/wp-json\/wp\/v2\/users\/48"}],"replies":[{"embeddable":true,"href":"https:\/\/tligradio.org\/fr\/wp-json\/wp\/v2\/comments?post=13266"}],"version-history":[{"count":0,"href":"https:\/\/tligradio.org\/fr\/wp-json\/wp\/v2\/posts\/13266\/revisions"}],"wp:attachment":[{"href":"https:\/\/tligradio.org\/fr\/wp-json\/wp\/v2\/media?parent=13266"}],"wp:term":[{"taxonomy":"category","embeddable":true,"href":"https:\/\/tligradio.org\/fr\/wp-json\/wp\/v2\/categories?post=13266"},{"taxonomy":"post_tag","embeddable":true,"href":"https:\/\/tligradio.org\/fr\/wp-json\/wp\/v2\/tags?post=13266"},{"taxonomy":"series","embeddable":true,"href":"https:\/\/tligradio.org\/fr\/wp-json\/wp\/v2\/series?post=13266"}],"curies":[{"name":"wp","href":"https:\/\/api.w.org\/{rel}","templated":true}]}}